{"id":101,"date":"2013-05-21T16:32:42","date_gmt":"2013-05-21T14:32:42","guid":{"rendered":"https:\/\/gemeinnuetzige-gesellschaft-der-bezirke-zuerich-und-dietikon.ch\/ggbzd\/?p=101"},"modified":"2021-10-31T15:02:51","modified_gmt":"2021-10-31T14:02:51","slug":"2012-jahresbericht-und-jahresrechnung","status":"publish","type":"post","link":"https:\/\/gemeinnuetzige-gesellschaft-der-bezirke-zuerich-und-dietikon.ch\/ggbzd\/2012-jahresbericht-und-jahresrechnung\/","title":{"rendered":"2012 Jahresbericht und Jahresrechnung"},"content":{"rendered":"\n<h1>Jahresbericht 2012<\/h1>\n\n\n\n<h3>Nod modo habent sua fata libelli<\/h3>\n\n\n\n<p>(Nicht nur B\u00fccher haben Ihre Schicksale).<br>Unser Aktuar liess die Protokolle der letzten f\u00fcnf Jahre binden. Sie ruhen nun in der Zentralbibliothek. Dies im Kontrast zu den Schicksalen jener, von denen die jeweils gut verfassten Protokolle informieren. Die aktuellen Protokolle berichten z.B. von einem langj\u00e4hrigen Stipendiaten. Dieser schloss erfolgreich sein Medizinstudium ab und sucht sich nun seinen Platz im umk\u00e4mpften Gesundheitsbereich. Neben ihm nahmen wir neue Stipendiaten auf im Gebiet der Grafik und Informatik. Zudem stieg der Anteil jener, die von uns einen einmaligen Beitrag ben\u00f6tigten um bildungsm\u00e4ssig vorw\u00e4rts zu kommen. Oft mussten wir junge Menschen an andere Stellen verweisen, da sie nicht unseren Kriterien entsprachen. Die Vorstandsmitglieder haben so ihre beratende Funktion mit bestem Wissen und Gewissen auch jenen mit auf den Weg gegeben, die wir nicht als Stipendiaten aufnehmen konnten. In unserem Engagement arbeiteten wir neu auch mit der Street Church zusammen.&nbsp;<\/p>\n\n\n\n<h3>Eine Geburt und Vorstandssitzungen an ungewohnten Orten<\/h3>\n\n\n\n<p>Wir durften unserem Qu\u00e4stor zur Geburt seiner Tochter gratulieren. Er lud den Vorstand zur Sitzung mit bester Bewirtung zu sich nach Oberb\u00f6zberg ein. Aber nicht allein im Auffinden dieses h\u00fcbschen Anwesens, sondern auch des Jugendraumes von St. Peter, in dem wir einmal ausquartiert wurden, offenbarten die Vorstandsmitglieder ihr feines Gesp\u00fcr das Richtige zu finden.<\/p>\n\n\n\n<h3>Verm\u00f6gen<\/h3>\n\n\n\n<p>Nicht zuletzt auch Dank unseres Qu\u00e4stors gl\u00e4nzen wir mit einem stolzen Verm\u00f6genszuwachs. Er hat das Verm\u00f6gen bestens durch die Auf- und Abwinde der B\u00f6rse gebracht.&nbsp;<\/p>\n\n\n\n<h3>Mitgliederschwund<\/h3>\n\n\n\n<p>Die GGZD kann noch 40 Mitglieder verzeichnen. Rund die H\u00e4lfte aber hat den Beitrag nicht (oder wieder nicht) bezahlt.<\/p>\n\n\n\n<h3>Schlusswort<\/h3>\n\n\n\n<p>Der Pr\u00e4sident ist von Z\u00fcrich nach Winterthur umgezogen. Ein weiterer Umzug eines Vorstandsmitglieds zeichnet sich ab. Zum Schluss aber danke ich im Namen des Gesamtvorstands allen Mitgliedern, die uns treu bleiben.<\/p>\n\n\n\n<p>Z\u00fcrich, im Mai 2013<br>J\u00fcrg Kaufmann, Pr\u00e4sident GGZD<br>&#8212;-<\/p>\n\n\n\n<p>Gemeinn\u00fctzige Gesellschaft<br>der Bezirke Z\u00fcrich und Dietikon<\/p>\n\n\n\n<h2>Jahresrechnung 2012<\/h2>\n\n\n\n<figure class=\"wp-block-table\"><table><tbody><tr><td><strong>Einnahmen- und Ausgabenrechnung 2012<\/strong><\/td><td><\/td><\/tr><tr><td><\/td><td><\/td><td><\/td><td><\/td><\/tr><tr><td><strong>Einnahmen\u00a0<\/strong><\/td><td><\/td><td><\/td><td><\/td><\/tr><tr><td>Mitgliederbeitr\u00e4ge und Spenden<\/td><td><\/td><td>CHF 1&#8217;120.00<\/td><\/tr><tr><td>Verm\u00f6genserfolg<\/td><td><\/td><td><\/td><\/tr><tr><td>&nbsp; Zinsen, Dividenden<\/td><td>CHF 16&#8217;863.15<\/td><td><\/td><\/tr><tr><td>&nbsp; Wertschriftenerfolg<\/td><td>CHF 56&#8217;775.84<\/td><td><\/td><\/tr><tr><td>Total Verm\u00f6genserfolg<\/td><td>CHF 73&#8217;638.99<\/td><td>CHF 73&#8217;638.99<\/td><\/tr><tr><td><\/td><td><\/td><td><\/td><td><\/td><\/tr><tr><td><strong>Total Einnahmen<\/strong><\/td><td><\/td><td><strong>CHF 74&#8217;758.99<\/strong><\/td><\/tr><tr><td><\/td><td><\/td><td><\/td><td><\/td><\/tr><tr><td><\/td><td><\/td><td><\/td><td><\/td><\/tr><tr><td><\/td><td><\/td><td><\/td><td><\/td><\/tr><tr><td><strong>Ausgaben<\/strong><\/td><td><\/td><td><\/td><td><\/td><\/tr><tr><td>Stipendien<\/td><td>CHF 9&#8217;188.20<\/td><td><\/td><td><\/td><\/tr><tr><td>Beitr\u00e4ge an Institutionen<\/td><td>CHF 6&#8217;000.00<\/td><td><\/td><\/tr><tr><td>Bank- und Postspesen<\/td><td>CHF 5&#8217;827.90<\/td><td><\/td><\/tr><tr><td>Allg. Unkosten<\/td><td>CHF 2&#8217;719.21<\/td><td><\/td><\/tr><tr><td><\/td><td><\/td><td><\/td><td><\/td><\/tr><tr><td><strong>Total Ausgaben<\/strong><\/td><td>CHF 23&#8217;735.31<\/td><td><strong>CHF 23&#8217;735.31<\/strong><\/td><\/tr><tr><td><\/td><td><\/td><td><\/td><td><\/td><\/tr><tr><td><\/td><td><\/td><td><\/td><td><\/td><\/tr><tr><td><strong>Einnahmen\u00fcberschuss 2012<\/strong><\/td><td><\/td><td><strong>CHF 51&#8217;023.68<\/strong><\/td><\/tr><tr><td><\/td><td><\/td><td><\/td><td><\/td><\/tr><tr><td><\/td><td><\/td><td><\/td><td><\/td><\/tr><tr><td><\/td><td><\/td><td><\/td><td><\/td><\/tr><tr><td><strong>Bilanz per 31. Dezember 2012<\/strong><\/td><td>Aktiven<\/td><td>Passiven<\/td><\/tr><tr><td>Postkonto<\/td><td>CHF 33&#8217;209.77<\/td><td><\/td><td><\/td><\/tr><tr><td>Privat-\/Top-Sparkonto<\/td><td>CHF 74&#8217;494.73<\/td><td><\/td><\/tr><tr><td>Wertschriften<\/td><td>CHF 961&#8217;939.30<\/td><td><\/td><\/tr><tr><td>Debitor VST<\/td><td>CHF 3&#8217;600.50<\/td><td><\/td><td><\/td><\/tr><tr><td>Eigenkapital<\/td><td><\/td><td>CHF 1&#8217;022&#8217;220.62<\/td><td><\/td><\/tr><tr><td>Einnahmen\u00fcberschuss 2012<\/td><td><\/td><td>CHF 51&#8217;023.68<\/td><\/tr><tr><td><\/td><td><\/td><td><\/td><td><\/td><\/tr><tr><td><strong>Bilanzsumme<\/strong><\/td><td><strong>CHF 1&#8217;073&#8217;244.30<\/strong><\/td><td><strong>CHF 1&#8217;073&#8217;244.30<\/strong><\/td><\/tr><\/tbody><\/table><\/figure>\n","protected":false},"excerpt":{"rendered":"<p>Jahresbericht 2012 Nod modo habent sua fata libelli (Nicht nur B\u00fccher haben Ihre Schicksale).Unser Aktuar liess die Protokolle der letzten f\u00fcnf Jahre binden. Sie ruhen nun in der Zentralbibliothek. Dies im Kontrast zu den Schicksalen jener, von denen die jeweils gut verfassten Protokolle informieren. Die aktuellen Protokolle berichten z.B. von&#8230;<\/p>\n<p> <a class=\"continue-reading-link\" href=\"https:\/\/gemeinnuetzige-gesellschaft-der-bezirke-zuerich-und-dietikon.ch\/ggbzd\/2012-jahresbericht-und-jahresrechnung\/\"><span>Continue reading<\/span><i class=\"crycon-right-dir\"><\/i><\/a> <\/p>\n","protected":false},"author":4,"featured_media":0,"comment_status":"closed","ping_status":"open","sticky":false,"template":"","format":"standard","meta":[],"categories":[2],"tags":[],"acf":[],"_links":{"self":[{"href":"https:\/\/gemeinnuetzige-gesellschaft-der-bezirke-zuerich-und-dietikon.ch\/ggbzd\/wp-json\/wp\/v2\/posts\/101"}],"collection":[{"href":"https:\/\/gemeinnuetzige-gesellschaft-der-bezirke-zuerich-und-dietikon.ch\/ggbzd\/wp-json\/wp\/v2\/posts"}],"about":[{"href":"https:\/\/gemeinnuetzige-gesellschaft-der-bezirke-zuerich-und-dietikon.ch\/ggbzd\/wp-json\/wp\/v2\/types\/post"}],"author":[{"embeddable":true,"href":"https:\/\/gemeinnuetzige-gesellschaft-der-bezirke-zuerich-und-dietikon.ch\/ggbzd\/wp-json\/wp\/v2\/users\/4"}],"replies":[{"embeddable":true,"href":"https:\/\/gemeinnuetzige-gesellschaft-der-bezirke-zuerich-und-dietikon.ch\/ggbzd\/wp-json\/wp\/v2\/comments?post=101"}],"version-history":[{"count":2,"href":"https:\/\/gemeinnuetzige-gesellschaft-der-bezirke-zuerich-und-dietikon.ch\/ggbzd\/wp-json\/wp\/v2\/posts\/101\/revisions"}],"predecessor-version":[{"id":104,"href":"https:\/\/gemeinnuetzige-gesellschaft-der-bezirke-zuerich-und-dietikon.ch\/ggbzd\/wp-json\/wp\/v2\/posts\/101\/revisions\/104"}],"wp:attachment":[{"href":"https:\/\/gemeinnuetzige-gesellschaft-der-bezirke-zuerich-und-dietikon.ch\/ggbzd\/wp-json\/wp\/v2\/media?parent=101"}],"wp:term":[{"taxonomy":"category","embeddable":true,"href":"https:\/\/gemeinnuetzige-gesellschaft-der-bezirke-zuerich-und-dietikon.ch\/ggbzd\/wp-json\/wp\/v2\/categories?post=101"},{"taxonomy":"post_tag","embeddable":true,"href":"https:\/\/gemeinnuetzige-gesellschaft-der-bezirke-zuerich-und-dietikon.ch\/ggbzd\/wp-json\/wp\/v2\/tags?post=101"}],"curies":[{"name":"wp","href":"https:\/\/api.w.org\/{rel}","templated":true}]}}