{"id":175,"date":"2003-06-21T20:29:29","date_gmt":"2003-06-21T18:29:29","guid":{"rendered":"https:\/\/gemeinnuetzige-gesellschaft-der-bezirke-zuerich-und-dietikon.ch\/ggbzd\/?p=175"},"modified":"2021-10-31T14:48:07","modified_gmt":"2021-10-31T13:48:07","slug":"wellnesstrainerin","status":"publish","type":"post","link":"https:\/\/gemeinnuetzige-gesellschaft-der-bezirke-zuerich-und-dietikon.ch\/ggbzd\/wellnesstrainerin\/","title":{"rendered":"Wellnesstrainerin"},"content":{"rendered":"\n<p>Frau L. L. konnte keine Ausbildung absolvieren und arbeitete als\u00a0<strong>Hilfsarbeiterin.<\/strong>Als alleinerziehende Mutter musste sie\u00a0<strong>zwei kleine Kinder<\/strong>\u00a0ern\u00e4hren, was ihr kaum gelang. Alimente des Vaters erhielt sie nicht. Sie hatte den Wunsch, vom Sozialamt unabh\u00e4ngig zu werden und bildete sich auf Grund ihrer Begabung als\u00a0<strong>Wellness-Trainerin<\/strong>\u00a0aus. Sie ben\u00f6tigte f\u00fcr das erste Jahr all ihre Ersparnisse.<br>Die Gemeinn\u00fctzige Gesellschaft der Bezirke Z\u00fcrich und Dietikon \u00fcbernahm die\u00a0<strong>Ausbildungskosten<\/strong>\u00a0f\u00fcr das zweite Ausbildungsjahr in der H\u00f6he von Fr. 4&#8217;600.-<br>Frau L. L. arbeitet heute mit\u00a0<strong>Erfolg in ihrem Beruf.<\/strong><\/p>\n","protected":false},"excerpt":{"rendered":"<p>Frau L. L. konnte keine Ausbildung absolvieren und arbeitete als\u00a0Hilfsarbeiterin.Als alleinerziehende Mutter musste sie\u00a0zwei kleine Kinder\u00a0ern\u00e4hren, was ihr kaum gelang. Alimente des Vaters erhielt sie nicht. Sie hatte den Wunsch, vom Sozialamt unabh\u00e4ngig zu werden und bildete sich auf Grund ihrer Begabung als\u00a0Wellness-Trainerin\u00a0aus. Sie ben\u00f6tigte f\u00fcr das erste Jahr all&#8230;<\/p>\n<p> <a class=\"continue-reading-link\" href=\"https:\/\/gemeinnuetzige-gesellschaft-der-bezirke-zuerich-und-dietikon.ch\/ggbzd\/wellnesstrainerin\/\"><span>Continue reading<\/span><i class=\"crycon-right-dir\"><\/i><\/a> <\/p>\n","protected":false},"author":3,"featured_media":0,"comment_status":"closed","ping_status":"open","sticky":false,"template":"","format":"standard","meta":[],"categories":[4],"tags":[],"acf":[],"_links":{"self":[{"href":"https:\/\/gemeinnuetzige-gesellschaft-der-bezirke-zuerich-und-dietikon.ch\/ggbzd\/wp-json\/wp\/v2\/posts\/175"}],"collection":[{"href":"https:\/\/gemeinnuetzige-gesellschaft-der-bezirke-zuerich-und-dietikon.ch\/ggbzd\/wp-json\/wp\/v2\/posts"}],"about":[{"href":"https:\/\/gemeinnuetzige-gesellschaft-der-bezirke-zuerich-und-dietikon.ch\/ggbzd\/wp-json\/wp\/v2\/types\/post"}],"author":[{"embeddable":true,"href":"https:\/\/gemeinnuetzige-gesellschaft-der-bezirke-zuerich-und-dietikon.ch\/ggbzd\/wp-json\/wp\/v2\/users\/3"}],"replies":[{"embeddable":true,"href":"https:\/\/gemeinnuetzige-gesellschaft-der-bezirke-zuerich-und-dietikon.ch\/ggbzd\/wp-json\/wp\/v2\/comments?post=175"}],"version-history":[{"count":1,"href":"https:\/\/gemeinnuetzige-gesellschaft-der-bezirke-zuerich-und-dietikon.ch\/ggbzd\/wp-json\/wp\/v2\/posts\/175\/revisions"}],"predecessor-version":[{"id":176,"href":"https:\/\/gemeinnuetzige-gesellschaft-der-bezirke-zuerich-und-dietikon.ch\/ggbzd\/wp-json\/wp\/v2\/posts\/175\/revisions\/176"}],"wp:attachment":[{"href":"https:\/\/gemeinnuetzige-gesellschaft-der-bezirke-zuerich-und-dietikon.ch\/ggbzd\/wp-json\/wp\/v2\/media?parent=175"}],"wp:term":[{"taxonomy":"category","embeddable":true,"href":"https:\/\/gemeinnuetzige-gesellschaft-der-bezirke-zuerich-und-dietikon.ch\/ggbzd\/wp-json\/wp\/v2\/categories?post=175"},{"taxonomy":"post_tag","embeddable":true,"href":"https:\/\/gemeinnuetzige-gesellschaft-der-bezirke-zuerich-und-dietikon.ch\/ggbzd\/wp-json\/wp\/v2\/tags?post=175"}],"curies":[{"name":"wp","href":"https:\/\/api.w.org\/{rel}","templated":true}]}}