{"id":86,"date":"2009-05-21T14:03:33","date_gmt":"2009-05-21T12:03:33","guid":{"rendered":"https:\/\/gemeinnuetzige-gesellschaft-der-bezirke-zuerich-und-dietikon.ch\/ggbzd\/?p=86"},"modified":"2021-10-31T15:02:25","modified_gmt":"2021-10-31T14:02:25","slug":"2008-jahresbericht-und-jahresrechnung","status":"publish","type":"post","link":"https:\/\/gemeinnuetzige-gesellschaft-der-bezirke-zuerich-und-dietikon.ch\/ggbzd\/2008-jahresbericht-und-jahresrechnung\/","title":{"rendered":"2008 Jahresbericht und Jahresrechnung"},"content":{"rendered":"\n<h1>Jahresbericht 2008<\/h1>\n\n\n\n<h3>Stipendien<\/h3>\n\n\n\n<p>Auch wir blieben von der schweren Finanzkrise nicht verschont, was den Ausgaben\u00fcberschuss drastisch anschwellen liess. Bei unseren Ausgaben \u00fcbten wir deshalb sorgf\u00e4ltige Zur\u00fcckhaltung (\u00fcber CHF 30&#8217;000 weniger als im Vorjahr). Ingesamt zahlten wir in diesem Jahr neun Stipendien im Gesamtbetrag von CHF 33&#8217;550 aus (Vorjahr zehn Stipendien im Gesamtbetrag von CHF 51&#8217;825.85).&nbsp;<\/p>\n\n\n\n<h3>Stiftung ZEWO<\/h3>\n\n\n\n<p>Nach intensiven Gespr\u00e4chen hat der Vorstand beschlossen, die Mitgliedschaft bei der Stiftung ZEWO nicht mehr zu erneuern. Wir mussten einsehen, dass die Stiftung ZEWO f\u00fcr kleine Gesellschaften wie die GGZD keine sich lohnenden Angebote bereit h\u00e4lt. Die Balance zwischen Aufwand und Nutzen war somit nicht gegeben.<\/p>\n\n\n\n<h3>Trauer<\/h3>\n\n\n\n<p>Leider ist unser langj\u00e4hriges Ehrenmitglied, Willy Gremlich, am 21. Januar 2008 verstorben. Der Abschiedsgottesdienst fand am Samstag, 26. Januar 2008, in der Kirche St. Peter in Z\u00fcrich statt.<br>Frau Gremlich haben wir unser Beileid ausgedr\u00fcckt.<\/p>\n\n\n\n<h3>Schlusswort<\/h3>\n\n\n\n<p>In Zeiten der Krise gewinnen soziale Werke und christliche Diakonie an Bedeutung. Ein Blick in die Geschichte erinnert uns an deren Verankerung zu allen Zeiten. Calvin z. Bsp., dessen 500. Geburtsjahr wir im Jahr 2009 feiern, verkn\u00fcpfte in seinem Verst\u00e4ndnis von Diakonie antike ethische Begriffe wie \u00abMenschlichkeit\u00bb (humanitas), \u00abgegenseitige Verpflichtung\u00bb (mutua obligatio) und \u00abBilligkeit\u00bb (aequitas) mit dem theologischen Verst\u00e4ndnis vom Menschen als \u00abBild Gottes\u00bb (imago dei). Diakonie fusst im Sinne Calvins somit in der allgemeinen Respektierung der W\u00fcrde jedes Menschen. Solches Respektieren aber dient nichts Geringerem als \u00abGottes Ehre\u00bb und verleiht so diakonischem Handeln seit eh eine herausragende Bedeutung.<\/p>\n\n\n\n<p>Z\u00fcrich, im Mai 2009<br>Pfr. J\u00fcrg Kaufmann<br>&#8212;-<\/p>\n\n\n\n<p>Gemeinn\u00fctzige Gesellschaft<br>der Bezirke Z\u00fcrich und Dietikon<\/p>\n\n\n\n<h2>Jahresrechnung 2008<\/h2>\n\n\n\n<figure class=\"wp-block-table\"><table><tbody><tr><td><strong>Einnahmen- und Ausgabenrechnung 2008<\/strong><\/td><td><\/td><\/tr><tr><td><\/td><td><\/td><td><\/td><td><\/td><\/tr><tr><td><strong>Einnahmen<\/strong>&nbsp;<\/td><td><\/td><td><\/td><td><\/td><\/tr><tr><td>Mitgliederbeitr\u00e4ge und Spenden<\/td><td><\/td><td>CHF 1&#8217;600.00<\/td><\/tr><tr><td>Verm\u00f6genserfolg<\/td><td><\/td><td><\/td><\/tr><tr><td>&nbsp; Zinsen, Dividenden<\/td><td>CHF 23&#8217;007.00<\/td><td><\/td><\/tr><tr><td>&nbsp; Wertschriftenerfolg<\/td><td><span class=\"has-inline-color has-vivid-red-color\">CHF -268&#8217;305.88<\/span><\/td><td><\/td><\/tr><tr><td>Total Verm\u00f6genserfolg<\/td><td><span class=\"has-inline-color has-vivid-red-color\">CHF -245&#8217;298.88<\/span><\/td><td><span class=\"has-inline-color has-vivid-red-color\">CHF -245&#8217;298.88<\/span><\/td><\/tr><tr><td><\/td><td><\/td><td><\/td><td><\/td><\/tr><tr><td><strong>Total Einnahmen<\/strong><\/td><td><\/td><td><span class=\"has-inline-color has-vivid-red-color\"><strong>CHF -243&#8217;698.88<\/strong><\/span><\/td><\/tr><tr><td><\/td><td><\/td><td><\/td><td><\/td><\/tr><tr><td><\/td><td><\/td><td><\/td><td><\/td><\/tr><tr><td><\/td><td><\/td><td><\/td><td><\/td><\/tr><tr><td><strong>Ausgaben<\/strong><\/td><td><\/td><td><\/td><td><\/td><\/tr><tr><td>Stipendien<\/td><td><\/td><td>CHF 33&#8217;550.00<\/td><td><\/td><\/tr><tr><td>Beitr\u00e4ge an Institutionen<\/td><td>CHF 4&#8217;350.00<\/td><td><\/td><\/tr><tr><td>Bank- und Postspesen<\/td><td>CHF 7&#8217;632.05<\/td><td><\/td><\/tr><tr><td>Allg. Unkosten<\/td><td>CHF 3&#8217;666.90<\/td><td><\/td><\/tr><tr><td><\/td><td><\/td><td><\/td><td><\/td><\/tr><tr><td><strong>Total Ausgaben<\/strong><\/td><td>CHF 49&#8217;198.95<\/td><td><strong>CHF 49&#8217;198.95<\/strong><\/td><\/tr><tr><td><\/td><td><\/td><td><\/td><td><\/td><\/tr><tr><td><\/td><td><\/td><td><\/td><td><\/td><\/tr><tr><td><strong>Ausgaben\u00fcberschuss 2008<\/strong><\/td><td><\/td><td><span class=\"has-inline-color has-vivid-red-color\">CHF -292&#8217;897.83<\/span><\/td><\/tr><tr><td><\/td><td><\/td><td><\/td><td><\/td><\/tr><tr><td><\/td><td><\/td><td><\/td><td><\/td><\/tr><tr><td><\/td><td><\/td><td><\/td><td><\/td><\/tr><tr><td><strong>Bilanz per 31. Dezember 2008<\/strong><\/td><td>Aktiven<\/td><td>Passiven<\/td><\/tr><tr><td>Postkonto<\/td><td>CHF 8&#8217;456.82<\/td><td><\/td><td><\/td><\/tr><tr><td>Privat-\/Top-Sparkonto<\/td><td>CHF 404&#8217;977.00<\/td><td><\/td><\/tr><tr><td>Wertschriften<\/td><td>CHF 579&#8217;735.00<\/td><td><\/td><\/tr><tr><td>Debitor VST<\/td><td>CHF 8&#8217;359.05<\/td><td><\/td><td><\/td><\/tr><tr><td>Eigenkapital<\/td><td><\/td><td>CHF 1&#8217;294&#8217;425.70<\/td><td><\/td><\/tr><tr><td>Ausgaben\u00fcberschuss 2008<\/td><td><\/td><td><span class=\"has-inline-color has-vivid-red-color\">CHF -292&#8217;897.83<\/span><\/td><\/tr><tr><td><\/td><td><\/td><td><\/td><td><\/td><\/tr><tr><td><strong>Bilanzsumme<\/strong><\/td><td><strong>CHF 1&#8217;001&#8217;527.87<\/strong><\/td><td><strong>CHF 1&#8217;001&#8217;527.87<\/strong><\/td><\/tr><\/tbody><\/table><\/figure>\n","protected":false},"excerpt":{"rendered":"<p>Jahresbericht 2008 Stipendien Auch wir blieben von der schweren Finanzkrise nicht verschont, was den Ausgaben\u00fcberschuss drastisch anschwellen liess. Bei unseren Ausgaben \u00fcbten wir deshalb sorgf\u00e4ltige Zur\u00fcckhaltung (\u00fcber CHF 30&#8217;000 weniger als im Vorjahr). Ingesamt zahlten wir in diesem Jahr neun Stipendien im Gesamtbetrag von CHF 33&#8217;550 aus (Vorjahr zehn Stipendien&#8230;<\/p>\n<p> <a class=\"continue-reading-link\" href=\"https:\/\/gemeinnuetzige-gesellschaft-der-bezirke-zuerich-und-dietikon.ch\/ggbzd\/2008-jahresbericht-und-jahresrechnung\/\"><span>Continue reading<\/span><i class=\"crycon-right-dir\"><\/i><\/a> <\/p>\n","protected":false},"author":4,"featured_media":0,"comment_status":"closed","ping_status":"open","sticky":false,"template":"","format":"standard","meta":[],"categories":[2],"tags":[],"acf":[],"_links":{"self":[{"href":"https:\/\/gemeinnuetzige-gesellschaft-der-bezirke-zuerich-und-dietikon.ch\/ggbzd\/wp-json\/wp\/v2\/posts\/86"}],"collection":[{"href":"https:\/\/gemeinnuetzige-gesellschaft-der-bezirke-zuerich-und-dietikon.ch\/ggbzd\/wp-json\/wp\/v2\/posts"}],"about":[{"href":"https:\/\/gemeinnuetzige-gesellschaft-der-bezirke-zuerich-und-dietikon.ch\/ggbzd\/wp-json\/wp\/v2\/types\/post"}],"author":[{"embeddable":true,"href":"https:\/\/gemeinnuetzige-gesellschaft-der-bezirke-zuerich-und-dietikon.ch\/ggbzd\/wp-json\/wp\/v2\/users\/4"}],"replies":[{"embeddable":true,"href":"https:\/\/gemeinnuetzige-gesellschaft-der-bezirke-zuerich-und-dietikon.ch\/ggbzd\/wp-json\/wp\/v2\/comments?post=86"}],"version-history":[{"count":4,"href":"https:\/\/gemeinnuetzige-gesellschaft-der-bezirke-zuerich-und-dietikon.ch\/ggbzd\/wp-json\/wp\/v2\/posts\/86\/revisions"}],"predecessor-version":[{"id":92,"href":"https:\/\/gemeinnuetzige-gesellschaft-der-bezirke-zuerich-und-dietikon.ch\/ggbzd\/wp-json\/wp\/v2\/posts\/86\/revisions\/92"}],"wp:attachment":[{"href":"https:\/\/gemeinnuetzige-gesellschaft-der-bezirke-zuerich-und-dietikon.ch\/ggbzd\/wp-json\/wp\/v2\/media?parent=86"}],"wp:term":[{"taxonomy":"category","embeddable":true,"href":"https:\/\/gemeinnuetzige-gesellschaft-der-bezirke-zuerich-und-dietikon.ch\/ggbzd\/wp-json\/wp\/v2\/categories?post=86"},{"taxonomy":"post_tag","embeddable":true,"href":"https:\/\/gemeinnuetzige-gesellschaft-der-bezirke-zuerich-und-dietikon.ch\/ggbzd\/wp-json\/wp\/v2\/tags?post=86"}],"curies":[{"name":"wp","href":"https:\/\/api.w.org\/{rel}","templated":true}]}}