{"id":93,"date":"2010-04-21T14:13:30","date_gmt":"2010-04-21T12:13:30","guid":{"rendered":"https:\/\/gemeinnuetzige-gesellschaft-der-bezirke-zuerich-und-dietikon.ch\/ggbzd\/?p=93"},"modified":"2021-10-31T15:02:32","modified_gmt":"2021-10-31T14:02:32","slug":"2009-jahresbericht-und-jahresrechnung","status":"publish","type":"post","link":"https:\/\/gemeinnuetzige-gesellschaft-der-bezirke-zuerich-und-dietikon.ch\/ggbzd\/2009-jahresbericht-und-jahresrechnung\/","title":{"rendered":"2009 Jahresbericht und Jahresrechnung"},"content":{"rendered":"\n<h1>Jahresbericht 2009<\/h1>\n\n\n\n<h3>Stipendien<\/h3>\n\n\n\n<p>Der Verm\u00f6gensverlust der GGZD reduzierte sich deutlich, sodass wir wieder mit gutem Gewissen Stipendien und Beitr\u00e4ge sprechen konnten. Trotzdem vermochten wir nur vier Stipendien zu vergeben. Auffallend war die Zunahme von Anfragen, die klar gegen unsere Richtlinien verstiessen. Darum beschlossen wir, unsere Beitr\u00e4ge an soziale Institutionen um Fr. 300.- zu erweitern (manneb\u00fcro).&nbsp;<\/p>\n\n\n\n<h3>Probleme von Kindern und Jugendlichen in der Schule<\/h3>\n\n\n\n<p>Die Bedeutung von Privatschulen ist in der letzten Zeit gestiegen, dies u.a. aufgrund einer steigenden Anzahl von Kindern, welchen der Verbleib in der kantonalen Schule nicht mehr zugemutet werden konnte. Was Kinder und ihre Eltern manchmal zu ertragen haben, geht oft \u00fcber ihre Kr\u00e4fte. Deshalb und in Anbetracht eines kontinuierlichen R\u00fcckgangs von Stipendiumsgesuchen, die unseren Richtlinien entsprechen, stellt sich uns die Frage, ob wir in diesem sensiblen Bereich k\u00fcnftig unterst\u00fctzend wirken sollen.&nbsp;<\/p>\n\n\n\n<h3>Schlusswort<\/h3>\n\n\n\n<p>Der Vorstand und die Rechnungsrevisorinnen arbeiteten als eingespieltes Team professionell. Am herrschenden guten Klima hat das Jahresessen als Ort der Begegnung und des Austauschs einen nicht zu untersch\u00e4tzenden Anteil. Allen Mitarbeiterinnen und Mitarbeitern spreche ich meine Wertsch\u00e4tzung und tiefen Dank aus.<\/p>\n\n\n\n<p>Die Frage: \u00abWer ist in Wahrheit berechtigt f\u00fcr ein Stipendium?\u00bb, scheint uns nicht immer leicht zu sein. Vielleicht kann uns der Universalgelehrte des 15. Jahrhunderts, Nikolaus von Kues, mit seinen einstigen Worten auch heute noch etwas sagen:&nbsp;<\/p>\n\n\n\n<p>\u00abFr\u00fcher glaubte ich einmal, die Wahrheit sei eher im Dunkeln zu finden. Aber die Wahrheit ist von grosser Macht. Sie schreit auf den Strassen. Mit grosser Gewissheit zeigt sie sich, von \u00fcberallher ist sie leicht zu finden.\u00bb Nikolaus von Kues, Geschichte einer Entwicklung, Kurt Flasch, 2001.<\/p>\n\n\n\n<p>Z\u00fcrich, im April 2010<br>Pfr. J\u00fcrg Kaufmann<br>&#8212;-<\/p>\n\n\n\n<p>Gemeinn\u00fctzige Gesellschaft<br>der Bezirke Z\u00fcrich und Dietikon<\/p>\n\n\n\n<h2>Jahresrechnung 2009<\/h2>\n\n\n\n<figure class=\"wp-block-table\"><table><tbody><tr><td><strong>Einnahmen- und Ausgabenrechnug 2009<\/strong><\/td><td><\/td><\/tr><tr><td><\/td><td><\/td><td><\/td><td><\/td><\/tr><tr><td><strong>Einnahmen<\/strong><\/td><td><\/td><td><\/td><\/tr><tr><td>Mitgliederbeitr\u00e4ge und Spenden<\/td><td><\/td><td>CHF 1&#8217;860.00<\/td><\/tr><tr><td>Verm\u00f6genserfolg<\/td><td><\/td><td><\/td><\/tr><tr><td>Zinsen, Dividenden<\/td><td>CHF 16&#8217;118.85<\/td><td><\/td><\/tr><tr><td>Wertschriftenerfolg<\/td><td>CHF 81&#8217;070.43<\/td><td><\/td><\/tr><tr><td>Totel Verm\u00f6genserfolg<\/td><td>CHF 97&#8217;189.28<\/td><td>CHF 97&#8217;189.28<\/td><\/tr><tr><td><\/td><td><\/td><td><\/td><td><\/td><\/tr><tr><td><strong>Total Einnahmen<\/strong><\/td><td><\/td><td><strong>CHF 99&#8217;049.28<\/strong><\/td><\/tr><tr><td><\/td><td><\/td><td><\/td><td><\/td><\/tr><tr><td><\/td><td><\/td><td><\/td><td><\/td><\/tr><tr><td><\/td><td><\/td><td><\/td><td><\/td><\/tr><tr><td><strong>Ausgaben<\/strong><\/td><td><\/td><td><\/td><td><\/td><\/tr><tr><td>Stipendien<\/td><td>CHF 19&#8217;180.00<\/td><td><\/td><td><\/td><\/tr><tr><td>Beitr\u00e4ge an Institutionen<\/td><td>CHF 4&#8217;800.00<\/td><td><\/td><\/tr><tr><td>Bank- und Postspesen<\/td><td>CHF 6&#8217;530.35<\/td><td><\/td><\/tr><tr><td>Allg. Unkosten<\/td><td>CHF 3&#8217;635.81<\/td><td><\/td><\/tr><tr><td><\/td><td><\/td><td><\/td><td><\/td><\/tr><tr><td><strong>Total Ausgaben<\/strong><\/td><td>CHF 34&#8217;146.16<\/td><td><strong>CHF 34&#8217;146.16<\/strong><\/td><\/tr><tr><td><\/td><td><\/td><td><\/td><td><\/td><\/tr><tr><td><\/td><td><\/td><td><\/td><td><\/td><\/tr><tr><td><strong>Einnahmen\u00fcberschuss 2009<\/strong><\/td><td><\/td><td><strong>CHF 64&#8217;903.12<\/strong><\/td><\/tr><tr><td><\/td><td><\/td><td><\/td><td><\/td><\/tr><tr><td><\/td><td><\/td><td><\/td><td><\/td><\/tr><tr><td><\/td><td><\/td><td><\/td><td><\/td><\/tr><tr><td><strong>Bilanz per 31. Dezember 2009<\/strong><\/td><td>Aktiven<\/td><td>Passiven<\/td><\/tr><tr><td>Postkonto<\/td><td><\/td><td>CHF 9&#8217;813.72<\/td><td><\/td><\/tr><tr><td>Privat-\/Top-Sparkonto<\/td><td>CHF 244&#8217;050.17<\/td><td><\/td><\/tr><tr><td>Wertschriften<\/td><td>CHF 809&#8217;263.00<\/td><td><\/td><\/tr><tr><td>Debitor VST<\/td><td>CHF 3&#8217;304.10<\/td><td><\/td><\/tr><tr><td>Eigenkapital<\/td><td><\/td><td>CHF 1&#8217;001&#8217;527.87<\/td><\/tr><tr><td>Einnahmen\u00fcberschuss 2009<\/td><td><\/td><td>CHF 64&#8217;903.12<\/td><\/tr><tr><td><\/td><td><\/td><td><\/td><td><\/td><\/tr><tr><td><strong>Bilanzsumme<\/strong><\/td><td><strong>CHF 1&#8217;066&#8217;430.99<\/strong><\/td><td><strong>CHF 1&#8217;066&#8217;430.99<\/strong><\/td><\/tr><\/tbody><\/table><\/figure>\n","protected":false},"excerpt":{"rendered":"<p>Jahresbericht 2009 Stipendien Der Verm\u00f6gensverlust der GGZD reduzierte sich deutlich, sodass wir wieder mit gutem Gewissen Stipendien und Beitr\u00e4ge sprechen konnten. Trotzdem vermochten wir nur vier Stipendien zu vergeben. Auffallend war die Zunahme von Anfragen, die klar gegen unsere Richtlinien verstiessen. Darum beschlossen wir, unsere Beitr\u00e4ge an soziale Institutionen um&#8230;<\/p>\n<p> <a class=\"continue-reading-link\" href=\"https:\/\/gemeinnuetzige-gesellschaft-der-bezirke-zuerich-und-dietikon.ch\/ggbzd\/2009-jahresbericht-und-jahresrechnung\/\"><span>Continue reading<\/span><i class=\"crycon-right-dir\"><\/i><\/a> <\/p>\n","protected":false},"author":4,"featured_media":0,"comment_status":"closed","ping_status":"open","sticky":false,"template":"","format":"standard","meta":[],"categories":[2],"tags":[],"acf":[],"_links":{"self":[{"href":"https:\/\/gemeinnuetzige-gesellschaft-der-bezirke-zuerich-und-dietikon.ch\/ggbzd\/wp-json\/wp\/v2\/posts\/93"}],"collection":[{"href":"https:\/\/gemeinnuetzige-gesellschaft-der-bezirke-zuerich-und-dietikon.ch\/ggbzd\/wp-json\/wp\/v2\/posts"}],"about":[{"href":"https:\/\/gemeinnuetzige-gesellschaft-der-bezirke-zuerich-und-dietikon.ch\/ggbzd\/wp-json\/wp\/v2\/types\/post"}],"author":[{"embeddable":true,"href":"https:\/\/gemeinnuetzige-gesellschaft-der-bezirke-zuerich-und-dietikon.ch\/ggbzd\/wp-json\/wp\/v2\/users\/4"}],"replies":[{"embeddable":true,"href":"https:\/\/gemeinnuetzige-gesellschaft-der-bezirke-zuerich-und-dietikon.ch\/ggbzd\/wp-json\/wp\/v2\/comments?post=93"}],"version-history":[{"count":1,"href":"https:\/\/gemeinnuetzige-gesellschaft-der-bezirke-zuerich-und-dietikon.ch\/ggbzd\/wp-json\/wp\/v2\/posts\/93\/revisions"}],"predecessor-version":[{"id":94,"href":"https:\/\/gemeinnuetzige-gesellschaft-der-bezirke-zuerich-und-dietikon.ch\/ggbzd\/wp-json\/wp\/v2\/posts\/93\/revisions\/94"}],"wp:attachment":[{"href":"https:\/\/gemeinnuetzige-gesellschaft-der-bezirke-zuerich-und-dietikon.ch\/ggbzd\/wp-json\/wp\/v2\/media?parent=93"}],"wp:term":[{"taxonomy":"category","embeddable":true,"href":"https:\/\/gemeinnuetzige-gesellschaft-der-bezirke-zuerich-und-dietikon.ch\/ggbzd\/wp-json\/wp\/v2\/categories?post=93"},{"taxonomy":"post_tag","embeddable":true,"href":"https:\/\/gemeinnuetzige-gesellschaft-der-bezirke-zuerich-und-dietikon.ch\/ggbzd\/wp-json\/wp\/v2\/tags?post=93"}],"curies":[{"name":"wp","href":"https:\/\/api.w.org\/{rel}","templated":true}]}}