{"id":95,"date":"2011-05-21T14:20:59","date_gmt":"2011-05-21T12:20:59","guid":{"rendered":"https:\/\/gemeinnuetzige-gesellschaft-der-bezirke-zuerich-und-dietikon.ch\/ggbzd\/?p=95"},"modified":"2021-10-31T15:02:40","modified_gmt":"2021-10-31T14:02:40","slug":"2010-jahresbericht-und-jahresrechnung","status":"publish","type":"post","link":"https:\/\/gemeinnuetzige-gesellschaft-der-bezirke-zuerich-und-dietikon.ch\/ggbzd\/2010-jahresbericht-und-jahresrechnung\/","title":{"rendered":"2010 Jahresbericht und Jahresrechnung"},"content":{"rendered":"\n<h1>Jahresbericht 2010<\/h1>\n\n\n\n<h3>Trauer<\/h3>\n\n\n\n<p>Im Sommer starb Fredi Schmidweber, Ehemann unseres langj\u00e4hrigen und sehr gesch\u00e4tzten Vorstandsmitglieds Ursi Schmidweber. Der Vorstand war an der Abdankung vertreten und hat im Namen aller unser tiefstes Beileid ausgesprochen.&nbsp;<\/p>\n\n\n\n<h3>Stipendien<\/h3>\n\n\n\n<p>Dank der hervorragenden Arbeit unseres Qu\u00e4stors steht die Gesellschaft trotz m\u00e4ssigem B\u00f6rsenjahr finanziell auf gesunden Beinen. Dank allen Vorstandsmitgliedern f\u00fcr ihre ausgezeichnete Mitarbeit in mitunter heiklen Abkl\u00e4rungen. Leider brach eine von uns stipendierte Person ihre Ausbildung vorzeitig ab, trotz sorgf\u00e4ltiger Pr\u00fcfung und Zusammenarbeit mit der Jugendanwaltschaft. Andere Gesuche vermochten unserer \u00dcberpr\u00fcfung nicht standhalten und mussten abgelehnt werden, oder wurden nach Telefongespr\u00e4chen, in denen unsere Auflagen kommuniziert wurden, sistiert. Aufgrund \u00dcberlastung und Neustrukturierungen (woraus neue Grunds\u00e4tze f\u00fcr st\u00e4dtische Stipendien resultierten, g\u00fcltig ab 1.1.11), traf vom Laufbahnzentrum nur ein Gesuch ein, das wir aber nicht positiv beantworten konnten. Wir vergaben Stipendien von insgesamt SFR 13000 und Beitr\u00e4ge an Institutionen von SFR 4800.&nbsp;<\/p>\n\n\n\n<h3>Schlusswort<\/h3>\n\n\n\n<p><em>\u00abEs ist sehr n\u00fctzlich&#8230;, dass jeder entsprechend seiner Situation versucht, sich der Dinge und der Gesch\u00e4fte zu entledigen, die nicht n\u00f6tig sind. Das ist von so grosser Wichtigkeit, dass ich es f\u00fcr unm\u00f6glich halte, jemals die wesentlichen Stufen zu betreten, ohne damit zu beginnen.\u00bb<\/em>&nbsp;Teresa von Avila (1515-82). Fredis pl\u00f6tzlicher Heimgang macht uns bewusst, wie alles und wir selber andauernd im Prozess der Verg\u00e4nglichkeit und des Loslassens involviert sind. Teresas&nbsp;<em>\u00abwesentliche Stufen\u00bb<\/em>&nbsp;verleihen uns in diesem Prozess eine \u00f6sterliche Vorahnung, eine innere Bejahung im Freiwerden f\u00fcr etwas Grosses, das wir uns nicht selbst geben k\u00f6nnen, nach dem wir uns aber, vielleicht unbewusst, schon immer gesehnt haben.<\/p>\n\n\n\n<p>Z\u00fcrich, im Mai 2011<br>Pfr. J\u00fcrg Kaufmann<br>&#8212;-<\/p>\n\n\n\n<p>Gemeinn\u00fctzige Gesellschaft<br>der Bezirke Z\u00fcrich und Dietikon<\/p>\n\n\n\n<h2>Jahresrechnung 2010<\/h2>\n\n\n\n<figure class=\"wp-block-table\"><table><tbody><tr><td><strong>Einnahmen- und Ausgabenrechnung 2010<\/strong><\/td><td><\/td><\/tr><tr><td><\/td><td><\/td><td><\/td><td><\/td><\/tr><tr><td><strong>Einnahmen<\/strong><\/td><td><\/td><td><\/td><\/tr><tr><td>Mitgliederbeitr\u00e4ge und Spenden<\/td><td><\/td><td>CHF 1&#8217;270.00<\/td><\/tr><tr><td>Verm\u00f6genserfolg<\/td><td><\/td><td><\/td><\/tr><tr><td>Zinsen, Dividenden<\/td><td>CHF 18&#8217;649.00<\/td><td><\/td><\/tr><tr><td>Wertschriftenerfolg<\/td><td>CHF 15&#8217;409.03<\/td><td><\/td><\/tr><tr><td>Total Verm\u00f6genserfolg<\/td><td>CHF 34&#8217;058.03<\/td><td>CHF 34&#8217;058.03<\/td><\/tr><tr><td><\/td><td><\/td><td><\/td><td><\/td><\/tr><tr><td><strong>Total Einnahmen<\/strong><\/td><td><\/td><td><strong>CHF 35&#8217;328.03<\/strong><\/td><\/tr><tr><td><\/td><td><\/td><td><\/td><td><\/td><\/tr><tr><td><\/td><td><\/td><td><\/td><td><\/td><\/tr><tr><td><\/td><td><\/td><td><\/td><td><\/td><\/tr><tr><td><strong>Ausgaben<\/strong><\/td><td><\/td><td><\/td><td><\/td><\/tr><tr><td>Stipendien<\/td><td><\/td><td>CHF 13&#8217;000.00<\/td><td><\/td><\/tr><tr><td>Beitr\u00e4ge an Institutionen<\/td><td>CHF 4&#8217;800.00<\/td><td><\/td><\/tr><tr><td>Bank- und Postspesen<\/td><td>CHF 6&#8217;349.60<\/td><td><\/td><\/tr><tr><td>Allg. Unkosten<\/td><td>CHF 3&#8217;279.25<\/td><td><\/td><\/tr><tr><td><\/td><td><\/td><td><\/td><td><\/td><\/tr><tr><td><strong>Total Ausgaben<\/strong><\/td><td>CHF 27&#8217;428.85<\/td><td><strong>CHF 27&#8217;428.85<\/strong><\/td><\/tr><tr><td><\/td><td><\/td><td><\/td><td><\/td><\/tr><tr><td><\/td><td><\/td><td><\/td><td><\/td><\/tr><tr><td><strong>Einnahmen\u00fcberschuss 2010<\/strong><\/td><td><\/td><td><strong>CHF 7&#8217;899.18<\/strong><\/td><\/tr><tr><td><\/td><td><\/td><td><\/td><td><\/td><\/tr><tr><td><\/td><td><\/td><td><\/td><td><\/td><\/tr><tr><td><\/td><td><\/td><td><\/td><td><\/td><\/tr><tr><td>Bilanz per 31. Dezember 2010<\/td><td>Aktiven<\/td><td>Passiven<\/td><\/tr><tr><td>Postkonto<\/td><td>CHF 11&#8217;092.32<\/td><td><\/td><td><\/td><\/tr><tr><td>Privat-\/Top-Sparkonto<\/td><td>CHF 205&#8217;558.63<\/td><td><\/td><\/tr><tr><td>Wertschriften<\/td><td>CHF 850&#8217;575.37<\/td><td><\/td><\/tr><tr><td>Debitor VST<\/td><td>CHF 7&#8217;103.85<\/td><td><\/td><\/tr><tr><td>Eigenkapital<\/td><td><\/td><td>CHF 1&#8217;066&#8217;430.99<\/td><\/tr><tr><td>Einnahmen\u00fcberschuss 2010<\/td><td><\/td><td>CHF 7&#8217;899.18<\/td><\/tr><tr><td><\/td><td><\/td><td><\/td><td><\/td><\/tr><tr><td><strong>Bilanzsumme<\/strong><\/td><td><strong>CHF 1&#8217;074&#8217;330.17<\/strong><\/td><td><strong>CHF 1&#8217;074&#8217;330.17<\/strong><\/td><\/tr><\/tbody><\/table><\/figure>\n","protected":false},"excerpt":{"rendered":"<p>Jahresbericht 2010 Trauer Im Sommer starb Fredi Schmidweber, Ehemann unseres langj\u00e4hrigen und sehr gesch\u00e4tzten Vorstandsmitglieds Ursi Schmidweber. Der Vorstand war an der Abdankung vertreten und hat im Namen aller unser tiefstes Beileid ausgesprochen.&nbsp; Stipendien Dank der hervorragenden Arbeit unseres Qu\u00e4stors steht die Gesellschaft trotz m\u00e4ssigem B\u00f6rsenjahr finanziell auf gesunden Beinen&#8230;.<\/p>\n<p> <a class=\"continue-reading-link\" href=\"https:\/\/gemeinnuetzige-gesellschaft-der-bezirke-zuerich-und-dietikon.ch\/ggbzd\/2010-jahresbericht-und-jahresrechnung\/\"><span>Continue reading<\/span><i class=\"crycon-right-dir\"><\/i><\/a> <\/p>\n","protected":false},"author":4,"featured_media":0,"comment_status":"closed","ping_status":"open","sticky":false,"template":"","format":"standard","meta":[],"categories":[2],"tags":[],"acf":[],"_links":{"self":[{"href":"https:\/\/gemeinnuetzige-gesellschaft-der-bezirke-zuerich-und-dietikon.ch\/ggbzd\/wp-json\/wp\/v2\/posts\/95"}],"collection":[{"href":"https:\/\/gemeinnuetzige-gesellschaft-der-bezirke-zuerich-und-dietikon.ch\/ggbzd\/wp-json\/wp\/v2\/posts"}],"about":[{"href":"https:\/\/gemeinnuetzige-gesellschaft-der-bezirke-zuerich-und-dietikon.ch\/ggbzd\/wp-json\/wp\/v2\/types\/post"}],"author":[{"embeddable":true,"href":"https:\/\/gemeinnuetzige-gesellschaft-der-bezirke-zuerich-und-dietikon.ch\/ggbzd\/wp-json\/wp\/v2\/users\/4"}],"replies":[{"embeddable":true,"href":"https:\/\/gemeinnuetzige-gesellschaft-der-bezirke-zuerich-und-dietikon.ch\/ggbzd\/wp-json\/wp\/v2\/comments?post=95"}],"version-history":[{"count":1,"href":"https:\/\/gemeinnuetzige-gesellschaft-der-bezirke-zuerich-und-dietikon.ch\/ggbzd\/wp-json\/wp\/v2\/posts\/95\/revisions"}],"predecessor-version":[{"id":96,"href":"https:\/\/gemeinnuetzige-gesellschaft-der-bezirke-zuerich-und-dietikon.ch\/ggbzd\/wp-json\/wp\/v2\/posts\/95\/revisions\/96"}],"wp:attachment":[{"href":"https:\/\/gemeinnuetzige-gesellschaft-der-bezirke-zuerich-und-dietikon.ch\/ggbzd\/wp-json\/wp\/v2\/media?parent=95"}],"wp:term":[{"taxonomy":"category","embeddable":true,"href":"https:\/\/gemeinnuetzige-gesellschaft-der-bezirke-zuerich-und-dietikon.ch\/ggbzd\/wp-json\/wp\/v2\/categories?post=95"},{"taxonomy":"post_tag","embeddable":true,"href":"https:\/\/gemeinnuetzige-gesellschaft-der-bezirke-zuerich-und-dietikon.ch\/ggbzd\/wp-json\/wp\/v2\/tags?post=95"}],"curies":[{"name":"wp","href":"https:\/\/api.w.org\/{rel}","templated":true}]}}