{"id":97,"date":"2012-05-21T16:23:32","date_gmt":"2012-05-21T14:23:32","guid":{"rendered":"https:\/\/gemeinnuetzige-gesellschaft-der-bezirke-zuerich-und-dietikon.ch\/ggbzd\/?p=97"},"modified":"2021-10-31T15:02:45","modified_gmt":"2021-10-31T14:02:45","slug":"2011-jahresbericht-und-jahresrechnung","status":"publish","type":"post","link":"https:\/\/gemeinnuetzige-gesellschaft-der-bezirke-zuerich-und-dietikon.ch\/ggbzd\/2011-jahresbericht-und-jahresrechnung\/","title":{"rendered":"2011 Jahresbericht und Jahresrechnung"},"content":{"rendered":"\n<h1>Jahresbericht 2011<\/h1>\n\n\n\n<h3>St. Peter<\/h3>\n\n\n\n<p>In der Altstadt Z\u00fcrichs trafen wir uns auch in diesem Jahr zu Vorstandssitzungen und zur Generalversammlung im Kirchgemeindenhaus der Kirchgemeinde St. Peter gratis. Dies wissen wir wohl zu sch\u00e4tzen und zu danken!<\/p>\n\n\n\n<h3>Stipendien<\/h3>\n\n\n\n<p>Die Gesuchsteller kommen zu gleichen Teilen aus der Frauen- und M\u00e4nnerwelt, sowie aus den verschiedensten Bereichen zu uns, z. Bsp. aus der Informatik, Kinderbetreuung, Sozialarbeit, Buchhaltung, Medizin und K\u00fcnstlerwelt. F\u00fcr eine gewisse Unruhe sorgte ein Gesuchsteller, der uns mit der Schweiz. Gemeinn\u00fctzigen Gesellschaft verwechselte und seine Gesuche statt weiterhin an diese pl\u00f6tzlich an unsere Adresse sandte. Wir konnten vor allem wieder einmalige Spenden ausrichten. Nur in einem Fall zeichnet sich eine Kontinuit\u00e4t ab. Der Vorstand hat mindestens vier Gesuche abgelehnt und drei an andere Institutionen weitergeleitet. Nicht eingerechnet sind die Gesuche, die rein telefonisch behandelt wurden.<\/p>\n\n\n\n<h3>Zusammenarbeit<\/h3>\n\n\n\n<p>Fast legend\u00e4r ist das Jahresessen im \u00abHeug\u00fcmper\u00bb geworden, an dem wir auch die Kontakte zu den Eheleuten der Vorstandsmitglieder pflegen. Zudem f\u00f6rderte das feine Abendessen nach der Vorstandssitzung im Haus des Qu\u00e4stors in Oberb\u00f6zberg unseren Zusammenhalt zus\u00e4tzlich.<\/p>\n\n\n\n<h3>Verm\u00f6gen<\/h3>\n\n\n\n<p>Trotz Verlust stehen wir gut da. Die Weiterarbeit ist bestens gew\u00e4hrleistet.<\/p>\n\n\n\n<h3>Schlusswort<\/h3>\n\n\n\n<p>Danken will ich allen Mitgliedern f\u00fcr ihre Unterst\u00fctzung, den Vorstandsmitgliedern f\u00fcr ihr Engagement und gute Zusammenarbeit, sodass die Hoffnung berechtigt ist, dass unsere Arbeit Menschen hilft, ihr Leben besser zu gestalten und f\u00fcr ihre Zukunft mehr zu erhoffen. \u00abDum spiro spero.\u00bb (Solange ich atme, hoffe ich). Z\u00fcrich, im Mai 2012<br>Pfr. J\u00fcrg Kaufmann<br>&#8212;-<\/p>\n\n\n\n<p>Gemeinn\u00fctzige Gesellschaft<br>der Bezirke Z\u00fcrich und Dietikon<\/p>\n\n\n\n<h2>Jahresrechnung 2011<\/h2>\n\n\n\n<figure class=\"wp-block-table\"><table><tbody><tr><td><strong>Einnahmen- und Ausgabenrechnung 2011<\/strong><\/td><td><\/td><\/tr><tr><td><\/td><td><\/td><td><\/td><td><\/td><\/tr><tr><td><strong>Einnahmen\u00a0<\/strong><\/td><td><\/td><td><\/td><td><\/td><\/tr><tr><td>Mitgliederbeitr\u00e4ge und Spenden<\/td><td><\/td><td>CHF 20&#8217;960.00<\/td><\/tr><tr><td>Verm\u00f6genserfolg<\/td><td><\/td><td><\/td><\/tr><tr><td>&nbsp; Zinsen, Dividenden<\/td><td>CHF 21&#8217;447.25<\/td><td><\/td><\/tr><tr><td>&nbsp; Wertschrfitenerfolg<\/td><td><span class=\"has-inline-color has-vivid-red-color\">CHF -63&#8217;161.75<\/span><\/td><td><\/td><\/tr><tr><td>Totel Verm\u00f6genserfolg<\/td><td><span class=\"has-inline-color has-vivid-red-color\">CHF -41&#8217;714.50<\/span><\/td><td><span class=\"has-inline-color has-vivid-red-color\">CHF -41&#8217;714.50<\/span><\/td><\/tr><tr><td><\/td><td><\/td><td><\/td><td><\/td><\/tr><tr><td><strong>Total Einnahmen<\/strong><\/td><td><\/td><td><strong><span class=\"has-inline-color has-vivid-red-color\">CHF -20&#8217;754.50<\/span><\/strong><\/td><\/tr><tr><td><\/td><td><\/td><td><\/td><td><\/td><\/tr><tr><td><\/td><td><\/td><td><\/td><td><\/td><\/tr><tr><td><\/td><td><\/td><td><\/td><td><\/td><\/tr><tr><td>Ausgaben<\/td><td><\/td><td><\/td><td><\/td><\/tr><tr><td>Stipendien<\/td><td>CHF 12&#8217;800.00<\/td><td><\/td><td><\/td><\/tr><tr><td>Beitr\u00e4ge an Institutionen<\/td><td>CHF 9&#8217;800.00<\/td><td><\/td><\/tr><tr><td>Bank- und Postspesen<\/td><td>CHF 6&#8217;240.50<\/td><td><\/td><\/tr><tr><td>Allg. Unkosten<\/td><td>CHF 2&#8217;514.55<\/td><td><\/td><\/tr><tr><td><\/td><td><\/td><td><\/td><td><\/td><\/tr><tr><td><strong>Total Ausgaben<\/strong><\/td><td>CHF 31&#8217;355.05<\/td><td><strong>CHF 31&#8217;355.05<\/strong><\/td><\/tr><tr><td><\/td><td><\/td><td><\/td><td><\/td><\/tr><tr><td><\/td><td><\/td><td><\/td><td><\/td><\/tr><tr><td><strong>Einnahmen\u00fcberschuss 2011<\/strong><\/td><td><\/td><td><strong><span class=\"has-inline-color has-vivid-red-color\">CHF -52&#8217;109.55<\/span><\/strong><\/td><\/tr><tr><td><\/td><td><\/td><td><\/td><td><\/td><\/tr><tr><td><\/td><td><\/td><td><\/td><td><\/td><\/tr><tr><td><\/td><td><\/td><td><\/td><td><\/td><\/tr><tr><td><strong>Bilanz per 31. Dezember 2011<\/strong><\/td><td>Aktiven<\/td><td>Passiven<\/td><\/tr><tr><td>Postkonto<\/td><td>CHF 32&#8217;064.42<\/td><td><\/td><td><\/td><\/tr><tr><td>Privat-\/Top-Sparkonto<\/td><td>CHF 148&#8217;632.25<\/td><td><\/td><\/tr><tr><td>Wertschriften<\/td><td>CHF 830&#8217;122.75<\/td><td><\/td><\/tr><tr><td>Debitor VST<\/td><td>CHF 11&#8217;401.20<\/td><td><\/td><td><\/td><\/tr><tr><td>Eigenkapital<\/td><td><\/td><td>CHF 1&#8217;074&#8217;330.17<\/td><td><\/td><\/tr><tr><td>Einnahmen\u00fcberschuss 2011<\/td><td><\/td><td><span class=\"has-inline-color has-vivid-red-color\">CHF -52&#8217;109.55<\/span><\/td><\/tr><tr><td><\/td><td><\/td><td><\/td><td><\/td><\/tr><tr><td><strong>Bilanzsumme<\/strong><\/td><td><strong>CHF 1&#8217;022&#8217;220.62<\/strong><\/td><td><strong>CHF 1&#8217;022&#8217;220.62<\/strong><\/td><\/tr><\/tbody><\/table><\/figure>\n","protected":false},"excerpt":{"rendered":"<p>Jahresbericht 2011 St. Peter In der Altstadt Z\u00fcrichs trafen wir uns auch in diesem Jahr zu Vorstandssitzungen und zur Generalversammlung im Kirchgemeindenhaus der Kirchgemeinde St. Peter gratis. Dies wissen wir wohl zu sch\u00e4tzen und zu danken! Stipendien Die Gesuchsteller kommen zu gleichen Teilen aus der Frauen- und M\u00e4nnerwelt, sowie aus&#8230;<\/p>\n<p> <a class=\"continue-reading-link\" href=\"https:\/\/gemeinnuetzige-gesellschaft-der-bezirke-zuerich-und-dietikon.ch\/ggbzd\/2011-jahresbericht-und-jahresrechnung\/\"><span>Continue reading<\/span><i class=\"crycon-right-dir\"><\/i><\/a> <\/p>\n","protected":false},"author":4,"featured_media":0,"comment_status":"closed","ping_status":"open","sticky":false,"template":"","format":"standard","meta":[],"categories":[2],"tags":[],"acf":[],"_links":{"self":[{"href":"https:\/\/gemeinnuetzige-gesellschaft-der-bezirke-zuerich-und-dietikon.ch\/ggbzd\/wp-json\/wp\/v2\/posts\/97"}],"collection":[{"href":"https:\/\/gemeinnuetzige-gesellschaft-der-bezirke-zuerich-und-dietikon.ch\/ggbzd\/wp-json\/wp\/v2\/posts"}],"about":[{"href":"https:\/\/gemeinnuetzige-gesellschaft-der-bezirke-zuerich-und-dietikon.ch\/ggbzd\/wp-json\/wp\/v2\/types\/post"}],"author":[{"embeddable":true,"href":"https:\/\/gemeinnuetzige-gesellschaft-der-bezirke-zuerich-und-dietikon.ch\/ggbzd\/wp-json\/wp\/v2\/users\/4"}],"replies":[{"embeddable":true,"href":"https:\/\/gemeinnuetzige-gesellschaft-der-bezirke-zuerich-und-dietikon.ch\/ggbzd\/wp-json\/wp\/v2\/comments?post=97"}],"version-history":[{"count":2,"href":"https:\/\/gemeinnuetzige-gesellschaft-der-bezirke-zuerich-und-dietikon.ch\/ggbzd\/wp-json\/wp\/v2\/posts\/97\/revisions"}],"predecessor-version":[{"id":100,"href":"https:\/\/gemeinnuetzige-gesellschaft-der-bezirke-zuerich-und-dietikon.ch\/ggbzd\/wp-json\/wp\/v2\/posts\/97\/revisions\/100"}],"wp:attachment":[{"href":"https:\/\/gemeinnuetzige-gesellschaft-der-bezirke-zuerich-und-dietikon.ch\/ggbzd\/wp-json\/wp\/v2\/media?parent=97"}],"wp:term":[{"taxonomy":"category","embeddable":true,"href":"https:\/\/gemeinnuetzige-gesellschaft-der-bezirke-zuerich-und-dietikon.ch\/ggbzd\/wp-json\/wp\/v2\/categories?post=97"},{"taxonomy":"post_tag","embeddable":true,"href":"https:\/\/gemeinnuetzige-gesellschaft-der-bezirke-zuerich-und-dietikon.ch\/ggbzd\/wp-json\/wp\/v2\/tags?post=97"}],"curies":[{"name":"wp","href":"https:\/\/api.w.org\/{rel}","templated":true}]}}